{"id":2847,"date":"2021-07-28T12:25:59","date_gmt":"2021-07-28T10:25:59","guid":{"rendered":"https:\/\/guillou-construction.fr\/?p=2847"},"modified":"2021-07-28T12:27:47","modified_gmt":"2021-07-28T10:27:47","slug":"la-clairiere-habitee-vertou","status":"publish","type":"post","link":"https:\/\/guillou-construction.fr\/la-clairiere-habitee-vertou\/","title":{"rendered":"La Clairi\u00e8re Habit\u00e9e \u00e0 Vertou"},"content":{"rendered":"<p>[et_pb_section fb_built=\u00a0\u00bb1&Prime; admin_label=\u00a0\u00bbsection\u00a0\u00bb _builder_version=\u00a0\u00bb3.22&Prime;][et_pb_row admin_label=\u00a0\u00bbrow\u00a0\u00bb _builder_version=\u00a0\u00bb3.25&Prime; background_size=\u00a0\u00bbinitial\u00a0\u00bb background_position=\u00a0\u00bbtop_left\u00a0\u00bb background_repeat=\u00a0\u00bbrepeat\u00a0\u00bb][et_pb_column type=\u00a0\u00bb4_4&Prime; _builder_version=\u00a0\u00bb3.25&Prime; custom_padding=\u00a0\u00bb|||\u00a0\u00bb custom_padding__hover=\u00a0\u00bb|||\u00a0\u00bb][et_pb_text admin_label=\u00a0\u00bbText\u00a0\u00bb _builder_version=\u00a0\u00bb4.9.4&Prime; background_size=\u00a0\u00bbinitial\u00a0\u00bb background_position=\u00a0\u00bbtop_left\u00a0\u00bb background_repeat=\u00a0\u00bbrepeat\u00a0\u00bb]<\/p>\n<h2>Guillou Construction r\u00e9alise actuellement 3 immeubles \u00e0 Vertou<\/h2>\n<p>Chantier en cours comprenant 19 logements en 3 immeubles. La Clairi\u00e8re Habit\u00e9e \u00e0 Vertou.[\/et_pb_text][\/et_pb_column][\/et_pb_row][et_pb_row _builder_version=\u00a0\u00bb3.25&Prime; max_width=\u00a0\u00bb1600px\u00a0\u00bb use_custom_width=\u00a0\u00bbon\u00a0\u00bb custom_width_px=\u00a0\u00bb1600px\u00a0\u00bb][et_pb_column type=\u00a0\u00bb4_4&Prime; _builder_version=\u00a0\u00bb3.25&Prime; background_position=\u00a0\u00bbtop_left\u00a0\u00bb custom_padding=\u00a0\u00bb|||\u00a0\u00bb custom_padding__hover=\u00a0\u00bb|||\u00a0\u00bb][et_pb_gallery gallery_ids=\u00a0\u00bb2850,2849,2851,2852,2853,2854,2855&Prime; orientation=\u00a0\u00bbportrait\u00a0\u00bb show_title_and_caption=\u00a0\u00bboff\u00a0\u00bb show_pagination=\u00a0\u00bboff\u00a0\u00bb admin_label=\u00a0\u00bbProjet &#8211; Galerie d&rsquo;images\u00a0\u00bb module_class=\u00a0\u00bbsingle-project-gallery\u00a0\u00bb _builder_version=\u00a0\u00bb4.9.4&Prime; pagination_font_size_tablet=\u00a0\u00bb51&Prime; pagination_line_height_tablet=\u00a0\u00bb2&Prime;][\/et_pb_gallery][\/et_pb_column][\/et_pb_row][\/et_pb_section]<\/p>\n","protected":false},"excerpt":{"rendered":"<p>Guillou Construction r\u00e9alise actuellement 3 immeubles \u00e0 Vertou Chantier en cours comprenant 19 logements en 3 immeubles. La Clairi\u00e8re Habit\u00e9e \u00e0 Vertou.<\/p>\n","protected":false},"author":1,"featured_media":2853,"comment_status":"closed","ping_status":"closed","sticky":false,"template":"","format":"standard","meta":{"_et_pb_use_builder":"on","_et_pb_old_content":"<h2>Guillou Construction proc\u00e8de \u00e0 l'acquisition de nouveaux mat\u00e9riels de construction.<\/h2>\r\nR\u00e9guli\u00e8rement, nous proc\u00e9dons \u00e0 l\u2019acquisition de nouveaux mat\u00e9riels, afin de r\u00e9pondre aux attentes de nos clients mais \u00e9galement de nos compagnons qui sont la force vive de notre entreprise.\r\n\r\nAinsi au cours de la derni\u00e8re ann\u00e9e nous avons notamment acquis 3 grues neuves des v\u00e9hicules de chantiers, des bennes b\u00e9tons, gravats et des petits mat\u00e9riels (ligatureuses\u2026.) pour am\u00e9liorer la rentabilit\u00e9 mais \u00e9galement am\u00e9liorer les conditions de travail de nos compagnons.","_et_gb_content_width":"","footnotes":""},"categories":[1],"tags":[],"class_list":["post-2847","post","type-post","status-publish","format-standard","has-post-thumbnail","hentry","category-non-classe"],"yoast_head":"<!-- This site is optimized with the Yoast SEO plugin v25.7 - https:\/\/yoast.com\/wordpress\/plugins\/seo\/ -->\n<title>La Clairi\u00e8re Habit\u00e9e \u00e0 Vertou - Guillou Construction<\/title>\n<meta name=\"robots\" content=\"index, follow, max-snippet:-1, max-image-preview:large, max-video-preview:-1\" \/>\n<link rel=\"canonical\" href=\"https:\/\/guillou-construction.fr\/la-clairiere-habitee-vertou\/\" \/>\n<meta property=\"og:locale\" content=\"fr_FR\" \/>\n<meta property=\"og:type\" content=\"article\" \/>\n<meta property=\"og:title\" content=\"La Clairi\u00e8re Habit\u00e9e \u00e0 Vertou - Guillou Construction\" \/>\n<meta property=\"og:description\" content=\"Guillou Construction r\u00e9alise actuellement 3 immeubles \u00e0 Vertou Chantier en cours comprenant 19 logements en 3 immeubles. La Clairi\u00e8re Habit\u00e9e \u00e0 Vertou.\" \/>\n<meta property=\"og:url\" content=\"https:\/\/guillou-construction.fr\/la-clairiere-habitee-vertou\/\" \/>\n<meta property=\"og:site_name\" content=\"Guillou Construction\" \/>\n<meta property=\"article:published_time\" content=\"2021-07-28T10:25:59+00:00\" \/>\n<meta property=\"article:modified_time\" content=\"2021-07-28T10:27:47+00:00\" \/>\n<meta property=\"og:image\" content=\"https:\/\/guillou-construction.fr\/wp-content\/uploads\/2021\/07\/guillou-construction-la-clairiere-habitee-vertou-05.jpg\" \/>\n\t<meta property=\"og:image:width\" content=\"666\" \/>\n\t<meta property=\"og:image:height\" content=\"500\" \/>\n\t<meta property=\"og:image:type\" content=\"image\/jpeg\" \/>\n<meta name=\"author\" content=\"admin-guillou\" \/>\n<meta name=\"twitter:card\" content=\"summary_large_image\" \/>\n<meta name=\"twitter:label1\" content=\"\u00c9crit par\" \/>\n\t<meta name=\"twitter:data1\" content=\"admin-guillou\" \/>\n\t<meta name=\"twitter:label2\" content=\"Dur\u00e9e de lecture estim\u00e9e\" \/>\n\t<meta name=\"twitter:data2\" content=\"1 minute\" \/>\n<script type=\"application\/ld+json\" class=\"yoast-schema-graph\">{\"@context\":\"https:\/\/schema.org\",\"@graph\":[{\"@type\":\"WebPage\",\"@id\":\"https:\/\/guillou-construction.fr\/la-clairiere-habitee-vertou\/\",\"url\":\"https:\/\/guillou-construction.fr\/la-clairiere-habitee-vertou\/\",\"name\":\"La Clairi\u00e8re Habit\u00e9e \u00e0 Vertou - Guillou Construction\",\"isPartOf\":{\"@id\":\"https:\/\/guillou-construction.fr\/#website\"},\"primaryImageOfPage\":{\"@id\":\"https:\/\/guillou-construction.fr\/la-clairiere-habitee-vertou\/#primaryimage\"},\"image\":{\"@id\":\"https:\/\/guillou-construction.fr\/la-clairiere-habitee-vertou\/#primaryimage\"},\"thumbnailUrl\":\"https:\/\/guillou-construction.fr\/wp-content\/uploads\/2021\/07\/guillou-construction-la-clairiere-habitee-vertou-05.jpg\",\"datePublished\":\"2021-07-28T10:25:59+00:00\",\"dateModified\":\"2021-07-28T10:27:47+00:00\",\"author\":{\"@id\":\"https:\/\/guillou-construction.fr\/#\/schema\/person\/4fdfe4acc2d6e047dbf45841b9c00721\"},\"breadcrumb\":{\"@id\":\"https:\/\/guillou-construction.fr\/la-clairiere-habitee-vertou\/#breadcrumb\"},\"inLanguage\":\"fr-FR\",\"potentialAction\":[{\"@type\":\"ReadAction\",\"target\":[\"https:\/\/guillou-construction.fr\/la-clairiere-habitee-vertou\/\"]}]},{\"@type\":\"ImageObject\",\"inLanguage\":\"fr-FR\",\"@id\":\"https:\/\/guillou-construction.fr\/la-clairiere-habitee-vertou\/#primaryimage\",\"url\":\"https:\/\/guillou-construction.fr\/wp-content\/uploads\/2021\/07\/guillou-construction-la-clairiere-habitee-vertou-05.jpg\",\"contentUrl\":\"https:\/\/guillou-construction.fr\/wp-content\/uploads\/2021\/07\/guillou-construction-la-clairiere-habitee-vertou-05.jpg\",\"width\":666,\"height\":500},{\"@type\":\"BreadcrumbList\",\"@id\":\"https:\/\/guillou-construction.fr\/la-clairiere-habitee-vertou\/#breadcrumb\",\"itemListElement\":[{\"@type\":\"ListItem\",\"position\":1,\"name\":\"Accueil\",\"item\":\"https:\/\/guillou-construction.fr\/\"},{\"@type\":\"ListItem\",\"position\":2,\"name\":\"La Clairi\u00e8re Habit\u00e9e \u00e0 Vertou\"}]},{\"@type\":\"WebSite\",\"@id\":\"https:\/\/guillou-construction.fr\/#website\",\"url\":\"https:\/\/guillou-construction.fr\/\",\"name\":\"Guillou Construction\",\"description\":\"Guillou Construction\",\"potentialAction\":[{\"@type\":\"SearchAction\",\"target\":{\"@type\":\"EntryPoint\",\"urlTemplate\":\"https:\/\/guillou-construction.fr\/?s={search_term_string}\"},\"query-input\":{\"@type\":\"PropertyValueSpecification\",\"valueRequired\":true,\"valueName\":\"search_term_string\"}}],\"inLanguage\":\"fr-FR\"},{\"@type\":\"Person\",\"@id\":\"https:\/\/guillou-construction.fr\/#\/schema\/person\/4fdfe4acc2d6e047dbf45841b9c00721\",\"name\":\"admin-guillou\",\"image\":{\"@type\":\"ImageObject\",\"inLanguage\":\"fr-FR\",\"@id\":\"https:\/\/guillou-construction.fr\/#\/schema\/person\/image\/\",\"url\":\"https:\/\/secure.gravatar.com\/avatar\/b7e7818f3bc4056d29730c8b49b56e37487cafa62e85d34ee719e66093981a2f?s=96&d=mm&r=g\",\"contentUrl\":\"https:\/\/secure.gravatar.com\/avatar\/b7e7818f3bc4056d29730c8b49b56e37487cafa62e85d34ee719e66093981a2f?s=96&d=mm&r=g\",\"caption\":\"admin-guillou\"},\"url\":\"https:\/\/guillou-construction.fr\/author\/admin-guillou\/\"}]}<\/script>\n<!-- \/ Yoast SEO plugin. -->","yoast_head_json":{"title":"La Clairi\u00e8re Habit\u00e9e \u00e0 Vertou - Guillou Construction","robots":{"index":"index","follow":"follow","max-snippet":"max-snippet:-1","max-image-preview":"max-image-preview:large","max-video-preview":"max-video-preview:-1"},"canonical":"https:\/\/guillou-construction.fr\/la-clairiere-habitee-vertou\/","og_locale":"fr_FR","og_type":"article","og_title":"La Clairi\u00e8re Habit\u00e9e \u00e0 Vertou - Guillou Construction","og_description":"Guillou Construction r\u00e9alise actuellement 3 immeubles \u00e0 Vertou Chantier en cours comprenant 19 logements en 3 immeubles. La Clairi\u00e8re Habit\u00e9e \u00e0 Vertou.","og_url":"https:\/\/guillou-construction.fr\/la-clairiere-habitee-vertou\/","og_site_name":"Guillou Construction","article_published_time":"2021-07-28T10:25:59+00:00","article_modified_time":"2021-07-28T10:27:47+00:00","og_image":[{"width":666,"height":500,"url":"https:\/\/guillou-construction.fr\/wp-content\/uploads\/2021\/07\/guillou-construction-la-clairiere-habitee-vertou-05.jpg","type":"image\/jpeg"}],"author":"admin-guillou","twitter_card":"summary_large_image","twitter_misc":{"\u00c9crit par":"admin-guillou","Dur\u00e9e de lecture estim\u00e9e":"1 minute"},"schema":{"@context":"https:\/\/schema.org","@graph":[{"@type":"WebPage","@id":"https:\/\/guillou-construction.fr\/la-clairiere-habitee-vertou\/","url":"https:\/\/guillou-construction.fr\/la-clairiere-habitee-vertou\/","name":"La Clairi\u00e8re Habit\u00e9e \u00e0 Vertou - Guillou Construction","isPartOf":{"@id":"https:\/\/guillou-construction.fr\/#website"},"primaryImageOfPage":{"@id":"https:\/\/guillou-construction.fr\/la-clairiere-habitee-vertou\/#primaryimage"},"image":{"@id":"https:\/\/guillou-construction.fr\/la-clairiere-habitee-vertou\/#primaryimage"},"thumbnailUrl":"https:\/\/guillou-construction.fr\/wp-content\/uploads\/2021\/07\/guillou-construction-la-clairiere-habitee-vertou-05.jpg","datePublished":"2021-07-28T10:25:59+00:00","dateModified":"2021-07-28T10:27:47+00:00","author":{"@id":"https:\/\/guillou-construction.fr\/#\/schema\/person\/4fdfe4acc2d6e047dbf45841b9c00721"},"breadcrumb":{"@id":"https:\/\/guillou-construction.fr\/la-clairiere-habitee-vertou\/#breadcrumb"},"inLanguage":"fr-FR","potentialAction":[{"@type":"ReadAction","target":["https:\/\/guillou-construction.fr\/la-clairiere-habitee-vertou\/"]}]},{"@type":"ImageObject","inLanguage":"fr-FR","@id":"https:\/\/guillou-construction.fr\/la-clairiere-habitee-vertou\/#primaryimage","url":"https:\/\/guillou-construction.fr\/wp-content\/uploads\/2021\/07\/guillou-construction-la-clairiere-habitee-vertou-05.jpg","contentUrl":"https:\/\/guillou-construction.fr\/wp-content\/uploads\/2021\/07\/guillou-construction-la-clairiere-habitee-vertou-05.jpg","width":666,"height":500},{"@type":"BreadcrumbList","@id":"https:\/\/guillou-construction.fr\/la-clairiere-habitee-vertou\/#breadcrumb","itemListElement":[{"@type":"ListItem","position":1,"name":"Accueil","item":"https:\/\/guillou-construction.fr\/"},{"@type":"ListItem","position":2,"name":"La Clairi\u00e8re Habit\u00e9e \u00e0 Vertou"}]},{"@type":"WebSite","@id":"https:\/\/guillou-construction.fr\/#website","url":"https:\/\/guillou-construction.fr\/","name":"Guillou Construction","description":"Guillou Construction","potentialAction":[{"@type":"SearchAction","target":{"@type":"EntryPoint","urlTemplate":"https:\/\/guillou-construction.fr\/?s={search_term_string}"},"query-input":{"@type":"PropertyValueSpecification","valueRequired":true,"valueName":"search_term_string"}}],"inLanguage":"fr-FR"},{"@type":"Person","@id":"https:\/\/guillou-construction.fr\/#\/schema\/person\/4fdfe4acc2d6e047dbf45841b9c00721","name":"admin-guillou","image":{"@type":"ImageObject","inLanguage":"fr-FR","@id":"https:\/\/guillou-construction.fr\/#\/schema\/person\/image\/","url":"https:\/\/secure.gravatar.com\/avatar\/b7e7818f3bc4056d29730c8b49b56e37487cafa62e85d34ee719e66093981a2f?s=96&d=mm&r=g","contentUrl":"https:\/\/secure.gravatar.com\/avatar\/b7e7818f3bc4056d29730c8b49b56e37487cafa62e85d34ee719e66093981a2f?s=96&d=mm&r=g","caption":"admin-guillou"},"url":"https:\/\/guillou-construction.fr\/author\/admin-guillou\/"}]}},"_links":{"self":[{"href":"https:\/\/guillou-construction.fr\/api\/wp\/v2\/posts\/2847","targetHints":{"allow":["GET"]}}],"collection":[{"href":"https:\/\/guillou-construction.fr\/api\/wp\/v2\/posts"}],"about":[{"href":"https:\/\/guillou-construction.fr\/api\/wp\/v2\/types\/post"}],"author":[{"embeddable":true,"href":"https:\/\/guillou-construction.fr\/api\/wp\/v2\/users\/1"}],"replies":[{"embeddable":true,"href":"https:\/\/guillou-construction.fr\/api\/wp\/v2\/comments?post=2847"}],"version-history":[{"count":6,"href":"https:\/\/guillou-construction.fr\/api\/wp\/v2\/posts\/2847\/revisions"}],"predecessor-version":[{"id":2862,"href":"https:\/\/guillou-construction.fr\/api\/wp\/v2\/posts\/2847\/revisions\/2862"}],"wp:featuredmedia":[{"embeddable":true,"href":"https:\/\/guillou-construction.fr\/api\/wp\/v2\/media\/2853"}],"wp:attachment":[{"href":"https:\/\/guillou-construction.fr\/api\/wp\/v2\/media?parent=2847"}],"wp:term":[{"taxonomy":"category","embeddable":true,"href":"https:\/\/guillou-construction.fr\/api\/wp\/v2\/categories?post=2847"},{"taxonomy":"post_tag","embeddable":true,"href":"https:\/\/guillou-construction.fr\/api\/wp\/v2\/tags?post=2847"}],"curies":[{"name":"wp","href":"https:\/\/api.w.org\/{rel}","templated":true}]}}